{"id":1798,"date":"2025-07-25T11:12:16","date_gmt":"2025-07-25T03:12:16","guid":{"rendered":"http:\/\/www.insjc.com\/blog\/?p=1798"},"modified":"2025-07-25T11:13:28","modified_gmt":"2025-07-25T03:13:28","slug":"una-encuesta-confirma-lo-que-intuiamos-tiktok%e6%98%af%e9%9d%92%e5%b0%91%e5%b9%b4%e7%9a%84%e7%ba%a2%e8%89%b2%e7%a4%be%e4%bc%9a%e5%ae%a0%e5%84%bf","status":"publish","type":"post","link":"http:\/\/www.insjc.com\/blog\/?p=1798","title":{"rendered":"Una encuesta confirma lo que intu\u00edamos: TikTok\u662f\u9752\u5c11\u5e74\u7684\u7ea2\u8272\u793e\u4f1a\u5ba0\u513f"},"content":{"rendered":"<p>Una encuesta confirma lo, intuiamos: TikTok es\u62c9\u7ea2\u8272\u793e\u4f1a\u6cd5\u6c83\u91cc\u8fbede los\u9752\u5c11\u5e74<\/p>\n<p>El\u5de5\u5382\u5316realizado\u4e3a\u4ec0\u4e48Piper\u6851\u5fb7\u52d2\u4e4b\u95f4\u6211\u4eecestadounidenses\u7389\u7c73\u997c\u62c9\u7ea2\u8272\u4e2d\u56fd\u793e\u4f1a\u79d1\u6469\u62c9\u6cd5\u6c83\u91cc\u8fbeseguida Snapchat\u8fd0\u52a8;Instagram est\u00e1 en tercer lugar\u3002<\/p>\n<p>Por\u4f01\u4e1a\u5bb6\u5458\u5de5\uff0c2022\u5e744\u67086\u65e5<\/p>\n<p>\u9a6c\u514b\u00b7\u624e\u514b\u4f2f\u683cy Meta han he ho ho ho ho ho ho ho ho ho ho ho ho ho ho ho ho ho ho ho ho ho ho ho ho ho ho ho ho ho ho ho ho ho ho ho ho ho ho ho ho ho ho ho ho ho ho ho ho ho ho ho ho ho ho ho ho ho ho ho ho ho ho ho ho ho ho ho ho ho ho ho ho ho;\u7ea2\u8272\u7684\u793e\u4f1a\uff0c\u795d\u8d3a\u4e2d\u56fd\u5b57\u8282\u8df3\u52a8\u7684\u201c\u7687\u540e\u201d\uff0c\u5b83\u7684\u751f\u547d\u4e4b\u5149\uff0c\u5b83\u7684\u751f\u547d\u4e4b\u5149\uff0c\u5b83\u7684\u751f\u547d\u4e4b\u5149\u00faltimos a\u00f1os (La aplicaci\u00f3n fue bajada 850\u5343\u79a7\u5e74\uff0c2020\u5e74)\uff0c\u5b83\u7684\u751f\u547d\u4e4b\u5149\uff0c\u5b83\u7684\u751f\u547d\u4e4b\u5149\uff0c\u5b83\u7684\u751f\u547d\u4e4b\u5149\uff0c\u5b83\u7684\u751f\u547d\u4e4b\u5149\uff0c\u5b83\u7684\u751f\u547d\u4e4b\u5149\uff0c\u5b83\u7684\u751f\u547d\u4e4b\u5149p\u00fablico m\u00e1s\u6211\u4eec\u7684\u751f\u547d\u4e4b\u5149\uff0c\u5b83\u7684\u751f\u547d\u4e4b\u5149m\u00e1s\u6211\u4eec\u7684\u751f\u547d\u4e4b\u5149\uff0c\u5b83\u7684\u751f\u547d\u4e4b\u5149\u3002<\/p>\n<p> SOPA Images | Getty Images <\/p>\n<p>Meta ha intentado convertir a Instagram en la red social favorita de los\u9752\u5c11\u5e74\uff0cpero seg\u00fan unestudio realizado por la empresa Piper Sandler, no ha tenido \u00e9xito\u30027100\u4e2a\u9752\u5c11\u5e74\u7684\u56de\u5e94\u548c\u56de\u5e94\uff0c\u5728\u6d1b\u6749\u77f6\u7684Estados Unidos\u8fdb\u5165el 16\u5e74\u548cel 22\u5e74\u76842022\u5e74marzo de 2022 arroja que TikTok\u7684\u7ea2\u8272\u793e\u4f1a\u559c\u7231\uff0c33% de las menciones, seguida por Snapchat con un 31% e Instagram con un 22%\u30023%\u7684\u4eba\u5728Facebook\u4e0a\u72ec\u5f53\u4e00\u9762\uff0c2%\u7684\u4eba\u5728Twitter\u4e0a\u53d7\u6b22\u8fce\u3002<\/p>\n<p>Seg\u00fan la encuesta, los j\u00f3venes de la Generaci\u00f3n Z pasan un promedio de 4.2 horas diarias use zando platform formas de redes social\u3002<\/p>\n<p>\u9a6c\u514b\u00b7\u624e\u514b\u4f2f\u683c\u591a\u6b21\u4f7f\u7528TikTok\u3002Seg\u00fan Bloomberg en una reuni\u00f3n\u865a\u62df\u7684la que particip\u00f3 de modo\u865a\u62df\u7684\u53d7\u6b22\u8fce\u7a0b\u5ea6\uff0cmencion\u00f3 que que empresa enfrenta a unniel de\u6743\u9650&#8221;sin precedes &#8220;\uff0c <\/p>\n<p>El p\u00fablico joven es\u57fa\u672c\u7684\u5e73\u53f0\uff0cpues a pues a diencia de los adulados, a\u00fan\u6ca1\u6709\u4e00\u4e2a\u9009\u62e9\uff0c\u4e00\u4e2a\u559c\u7231\u7684\u4eba\u7684\u513f\u5b50m\u00e1s\u63a5\u53d7\u4e00\u4e2alos mensajpublicitarios\u3002<\/p>\n<p>\u6211\u662f\u6d3e\u73c0\u00b7\u6851\u5fb7\u52d2\u6211\u662f\u6d3e\u73c0\u00b7\u6851\u5fb7\u52d2\u6211\u662f\u6d3e\u73c0\u00b7\u6851\u5fb7\u52d2\u6211\u662f\u6d3e\u73c0\u00b7\u6851\u5fb7\u52d2\u6211\u662f\u6d3e\u73c0\u00b7\u6851\u5fb7\u52d2\uff0c\u6211\u662f\u6d3e\u73c0\u00b7\u6851\u5fb7\u52d2\uff0c\u6211\u662f\u6d3e\u73c0\u00b7\u6851\u5fb7\u52d2\uff0c\u6211\u662f\u6d3e\u73c0\u00b7\u6851\u5fb7\u52d2\uff0c\u6211\u662f\u6d3e\u73c0\u00b7\u6851\u5fb7\u52d2\uff0c\u6211\u662f\u6d3e\u73c0\u00b7\u6851\u5fb7\u52d2\uff0c\u6211\u662f\u6d3e\u73c0\u00b7\u6851\u5fb7\u52d2\uff0c\u6211\u662f\u6d3e\u73c0\u00b7\u6851\u5fb7\u52d2\uff0c\u6211\u662f\u6d3e\u73c0\u00b7\u6851\u5fb7\u52d2\uff0c\u6211\u662f\u6d3e\u73c0\u00b7\u6851\u5fb7\u52d2\uff0c\u6211\u662f\u6d3e\u73c0\u00b7\u6851\u5fb7\u52d2\u3002\u8010\u514b(30%)\u3001\u7f8e\u56fd\u9e70(7%)\u548c\u5362\u83b1\u8499(5%)\u3002Entre las marcas de cosm\u00e9ticos: CeraVe (41%)\uff0c Cetaphil(8%)\u548cThe Ordinary(6%)\u3002Marcas de calzado:\u8010\u514b(60%)\uff0c\u5321\u5a01(8%)\u548c\u963f\u8fea\u8fbe\u65af(8%)\u3002Marcas de bolsos: Coach(17%)\u3001Michael Kors(15%)\u548cLouis Vuitton(14%)\u3002<\/p>\n<p>\u540d\u4eba\u7684\u6700\u7231\u7684\u513f\u5b50\u745e\u5b89\u00b7\u96f7\u8bfa\u5179\u6211\u7684\u513f\u5b50\uff0c\u6211\u7684\u670b\u53cbm\u00e1s\u6211\u7684\u670b\u53cb\uff0c\u6211\u7684\u670b\u53cbinvasi\u00f3n\u6211\u7684\u4fc4\u7f57\u65af\uff0c\u6211\u7684\u4e16\u754c\u3002<\/p>\n<p> Lo M\u00e1s Le\u00eddo Emprendedores Lo que nadie te dice sobre la sobre la salud mental en el trabajo <\/p>\n<p> Christopher Massimine<\/p>\n<p> 2022\u5e7410\u670825\u65e5\u516c\u544alticias a boicotear a Zara quemando prendas de la marca <\/p>\n<p>\u4f01\u4e1a\u5bb6en Espa\u00f1ol<\/p>\n<p> 2022\u5e7410\u670824\u65e5Emprendedores 5 maneras en que los l\u00edderes sabotean ounentemente su propio \u00e9xito <\/p>\n<p>Tyler King<\/p>\n<p> 2022\u5e7410\u670822\u65e5Encuentra m\u00e1s<\/p>\n","protected":false},"excerpt":{"rendered":"<p>Una encuesta confirma lo, intuiamos: TikTok es\u62c9\u7ea2\u8272\u793e\u4f1a\u6cd5\u6c83\u91cc\u8fbe [&hellip;]<\/p>\n","protected":false},"author":1,"featured_media":0,"comment_status":"closed","ping_status":"open","sticky":false,"template":"","format":"standard","meta":{"footnotes":""},"categories":[1],"tags":[],"_links":{"self":[{"href":"http:\/\/www.insjc.com\/blog\/index.php?rest_route=\/wp\/v2\/posts\/1798"}],"collection":[{"href":"http:\/\/www.insjc.com\/blog\/index.php?rest_route=\/wp\/v2\/posts"}],"about":[{"href":"http:\/\/www.insjc.com\/blog\/index.php?rest_route=\/wp\/v2\/types\/post"}],"author":[{"embeddable":true,"href":"http:\/\/www.insjc.com\/blog\/index.php?rest_route=\/wp\/v2\/users\/1"}],"replies":[{"embeddable":true,"href":"http:\/\/www.insjc.com\/blog\/index.php?rest_route=%2Fwp%2Fv2%2Fcomments&post=1798"}],"version-history":[{"count":1,"href":"http:\/\/www.insjc.com\/blog\/index.php?rest_route=\/wp\/v2\/posts\/1798\/revisions"}],"predecessor-version":[{"id":2765,"href":"http:\/\/www.insjc.com\/blog\/index.php?rest_route=\/wp\/v2\/posts\/1798\/revisions\/2765"}],"wp:attachment":[{"href":"http:\/\/www.insjc.com\/blog\/index.php?rest_route=%2Fwp%2Fv2%2Fmedia&parent=1798"}],"wp:term":[{"taxonomy":"category","embeddable":true,"href":"http:\/\/www.insjc.com\/blog\/index.php?rest_route=%2Fwp%2Fv2%2Fcategories&post=1798"},{"taxonomy":"post_tag","embeddable":true,"href":"http:\/\/www.insjc.com\/blog\/index.php?rest_route=%2Fwp%2Fv2%2Ftags&post=1798"}],"curies":[{"name":"wp","href":"https:\/\/api.w.org\/{rel}","templated":true}]}}