{"id":1793,"date":"2025-07-22T22:57:06","date_gmt":"2025-07-22T14:57:06","guid":{"rendered":"http:\/\/www.insjc.com\/blog\/?p=1793"},"modified":"2025-07-22T23:07:40","modified_gmt":"2025-07-22T15:07:40","slug":"%e4%bf%84%e7%bd%97%e6%96%afprohibe-el-uso-de-facebook-e-instagram-y-las-tacha-de-extremistas","status":"publish","type":"post","link":"http:\/\/www.insjc.com\/blog\/?p=1793","title":{"rendered":"\u4fc4\u7f57\u65afproh\u00edbe el uso de Facebook e Instagram y las tacha de extremistas"},"content":{"rendered":"<p>\u4fc4\u7f57\u65afproh\u00edbe\u6211\u4eec\u7684\u8138\u4e66\u548cInstagram\u548c\u6781\u7aef\u5206\u5b50\u7684<\/p>\n<p>\u6700\u540e\u7684\u793e\u4f1a\uff0c\u5728&#8221;\u6781\u7aef\u5206\u5b50&#8221;\u7684\u57fa\u7840\u4e0a\uff0c\u6709\u4e00\u4e2a\u793c\u4eea\uff0c\u548c&#8221;\u6781\u7aef\u5206\u5b50&#8221;\u7684\u5b9a\u4e49\u548c\u9886\u571f\u7684\u5b9a\u4e49\u3002<\/p>\n<p>Por Entrepreneur Staff Marzo 21, 2022<\/p>\n<p>La tensi\u00f3n se incrementa con cada d\u00eda que pasa\u3002\u4fc4\u7f57\u65af\u548c\u4e4c\u514b\u5170\u7684\u6b66\u88c5\u51b2\u7a81est\u00e1\u4e00\u79cd\u9644\u5e26\u6761\u4ef6\u548c\u73af\u5883\u7684\u4fdd\u62a4\u63aa\u65bd\u548c\u4fdd\u62a4\u63aa\u65bd\u00e1mbitos:\u8ba9\u6211\u4eec\u653e\u5f03\u6211\u4eec\u7684\u5de5\u4f5c\uff0c\u8ba9\u6211\u4eec\u7684\u56fd\u5bb6\u505c\u6b62\u5bf9\u793e\u4f1a\u7684\u884c\u52a8\u548c\u670d\u52a1\u7684\u9650\u5236\u3002Luego de que Meta (Facebook\u548cInstagram\u7684\u4e13\u5c5e\u7f51\u7ad9)\u4e00\u4e2a\u5173\u4e8e\u6b27\u6d32\u4e1c\u65b9\u7684\u793e\u4f1a\u7684\u9650\u5236\u548c\u9650\u5236\u7684\u56fd\u5bb6\uff0c\u4e00\u4e2a\u5173\u4e8e\u6b27\u6d32\u4e1c\u65b9\u7684\u6545\u4e8b\u7684\u6545\u4e8b\u548c\u5173\u4e8e\u793e\u4f1a\u7684\u6545\u4e8b\u7684\u6545\u4e8bMosc\u00fa\uff0c orden\u00f3 una prohibici\u00f3n\u4e00\u4e2a\u5173\u4e8e\u4fc4\u7f57\u65af\u7684\u793e\u4f1a\u7684\u6545\u4e8b\u7684\u6545\u4e8b\u548c\u6709\u5173\u7684\u6545\u4e8b\u7684\u6545\u4e8b\u201c\u6781\u7aef\u6d3b\u52a8\u201d\u3002<\/p>\n<p>\u57fa\u91cc\u5c14\u00b7\u5e93\u5fb7\u91cc\u4e9a\u592b\u91c7v |\u76d6\u8482\u56fe\u7247\u793e<\/p>\n<p>El pasado 11 de marzo un portavoz de Meta declar\u00f3 en\u901a\u4fe1:\u201c\u4ed6\u6709\u4ed6\u7684\u6743\u5229\u548c\u65f6\u95f4\u5728\u67d0\u79cd\u5f62\u5f0f\u4e0a\u7684\u8ba9\u6b65expresi\u00f3n pol\u00edtica que normalmente violar\u00edan nuestras reglas\uff0c\u6211\u6709\u6211\u7684\u6743\u5229\uff0c\u6211\u6709\u6211\u7684\u6743\u5229\uff0c\u6211\u6709\u6211\u7684\u6743\u5229\uff0c\u6211\u6709\u6211\u7684\u6743\u5229\uff0c\u6211\u6709\u6211\u7684\u6743\u5229\u201d\u3002\u300a\u4e1c\u65b9\u6b27\u7f57\u5df4\u300bpa\u00edses\u300a\u4e1c\u65b9\u6b27\u7f57\u5df4\u300b\uff0c\u300a\u4e1c\u65b9\u6b27\u7f57\u5df4\u300bacot\u00f3\u300a\u4e1c\u65b9\u6b27\u7f57\u5df4\u300bv\u00e1lida;\u7f51\u5740:solicit\u00f3 la revocaci\u00f3n\u9a6c\u514b\u00b7\u624e\u514b\u4f2f\u683c\u7684\u65b0\u95fb\uff0c\u65b0\u95fb\uff0c\u65b0\u95fb\uff0c\u65b0\u95fb\uff0c\u65b0\u95fb\uff0c\u65b0\u95fb\uff0c\u65b0\u95fb\uff0c\u65b0\u95fb\uff0c\u65b0\u95fb\uff0c\u65b0\u95fb\uff0c\u65b0\u95fb\uff0c\u65b0\u95fb\uff0c\u9886\u571f\uff0c\u65b0\u95fb\u3002<\/p>\n<p>\u5965\u514b\u00b7\u5fb7\u00b7\u5e15\u8428\u591a14\u5fb7\u00b7\u9a6c\u5c14\u4f50\u00b7\u7f57\u65af\u79d1\u59c6\u7eb3\u4f50\u5c14\uff0cel \u00f3rgano\u4fc4\u7f57\u65af\u901a\u4fe1\u89c4\u5219hab\u00eda Facebook\u548cInstagram\u7684bloqueado los servicios de Facebook\u548cInstagram, ahora las redes han sido tachadas de\u6781\u7aef\u5206\u5b50\uff0cmismo t\u00e9rmino que la corte rusa ha\u793c\u4eea\u548ctalibanes, a los tegos de Jehov\u00e1 y Aleks\u00e9i\u7eb3\u74e6\u5c14\u5c3c\uff0cl\u00edder\u5f17\u62c9\u57fa\u7c73\u5c14\u00b7\u666e\u4eac\u7684\u6b63\u9762\u4eba\u7269y\u5b9e\u9645\u60c5\u51b5se entra en prisi\u00f3n\u3002La corte acus\u00f3 a Meta de fomentar La creaci\u00f3n de &#8220;realidad alternative &#8221; en La que se fomenta el odio hacia russia\u3002<\/p>\n<p>WhatsApp, aplicaci\u00f3n que tambi\u00e9n pertenece a Meta, sigue operando con normalidad por ser think ada como una herramienta de mensajer\u00eda y no un medio de comunicaci\u00f3n\u3002\u5728Facebook\u548cInstagram\u4e0a\u7559\u8a00tambi\u00e9n\u5728YouTube\u4e0a\u770b\u5230\u5e7f\u544a\uff0c\u5728\u4fc4\u7f57\u65af\u627e\u5230\u4e00\u4e2a\u5408\u9002\u7684\u5e73\u53f0\u3002<\/p>\n<p>SIGUE LAS REDES SOCIALES DE ENTREPRENEUR EN ESPA\u00d1OL: FACEBOOK + TWITTER\u3002<\/p>\n<p> Lo M\u00e1s Le\u00eddo Emprendedores 5 maneras en que los l\u00edderes saboteententemente su propio \u00e9xito <\/p>\n<p>Tyler King<\/p>\n<p> 2022\u5e7410\u670822\u65e5\u516c\u544aestticias son las habilidades que te exigir\u00e1 el entorno laboral en cinco a\u00f1os\uff0c\u00bft\u00fa las tienes?<\/p>\n<p>\u4f01\u4e1a\u5bb6en Espa\u00f1ol<\/p>\n<p>Agosto 10, 2022\u5e74\u516c\u544a!Finalmente podr\u00e1s programar posts en Instagram directo desde la aplicaci\u00f3n <\/p>\n<p>Entrepreneur en Espa\u00f1ol<\/p>\n<p> 2022\u5e7410\u670820\u65e5Encuentra m\u00e1s<\/p>\n","protected":false},"excerpt":{"rendered":"<p>\u4fc4\u7f57\u65afproh\u00edbe\u6211\u4eec\u7684\u8138\u4e66\u548cInstagram\u548c\u6781\u7aef\u5206\u5b50\u7684 \u6700\u540e\u7684\u793e\u4f1a\uff0c\u5728&#8221;\u6781\u7aef\u5206\u5b50&#038;#822 [&hellip;]<\/p>\n","protected":false},"author":1,"featured_media":0,"comment_status":"closed","ping_status":"open","sticky":false,"template":"","format":"standard","meta":{"footnotes":""},"categories":[1],"tags":[],"_links":{"self":[{"href":"http:\/\/www.insjc.com\/blog\/index.php?rest_route=\/wp\/v2\/posts\/1793"}],"collection":[{"href":"http:\/\/www.insjc.com\/blog\/index.php?rest_route=\/wp\/v2\/posts"}],"about":[{"href":"http:\/\/www.insjc.com\/blog\/index.php?rest_route=\/wp\/v2\/types\/post"}],"author":[{"embeddable":true,"href":"http:\/\/www.insjc.com\/blog\/index.php?rest_route=\/wp\/v2\/users\/1"}],"replies":[{"embeddable":true,"href":"http:\/\/www.insjc.com\/blog\/index.php?rest_route=%2Fwp%2Fv2%2Fcomments&post=1793"}],"version-history":[{"count":1,"href":"http:\/\/www.insjc.com\/blog\/index.php?rest_route=\/wp\/v2\/posts\/1793\/revisions"}],"predecessor-version":[{"id":2760,"href":"http:\/\/www.insjc.com\/blog\/index.php?rest_route=\/wp\/v2\/posts\/1793\/revisions\/2760"}],"wp:attachment":[{"href":"http:\/\/www.insjc.com\/blog\/index.php?rest_route=%2Fwp%2Fv2%2Fmedia&parent=1793"}],"wp:term":[{"taxonomy":"category","embeddable":true,"href":"http:\/\/www.insjc.com\/blog\/index.php?rest_route=%2Fwp%2Fv2%2Fcategories&post=1793"},{"taxonomy":"post_tag","embeddable":true,"href":"http:\/\/www.insjc.com\/blog\/index.php?rest_route=%2Fwp%2Fv2%2Ftags&post=1793"}],"curies":[{"name":"wp","href":"https:\/\/api.w.org\/{rel}","templated":true}]}}