{"id":1809,"date":"2025-07-31T09:44:04","date_gmt":"2025-07-31T01:44:04","guid":{"rendered":"http:\/\/www.insjc.com\/blog\/?p=1809"},"modified":"2025-07-31T09:44:10","modified_gmt":"2025-07-31T01:44:10","slug":"ayudemos-a-encontrarlos-instagram-mostrara-imagenes-de-ninos-desaparecidos-de-la-alerta-amber","status":"publish","type":"post","link":"http:\/\/www.insjc.com\/blog\/?p=1809","title":{"rendered":"Ayudemos a encontrarlos: Instagram mostrar\u00e1 im\u00e1genes de ni\u00f1os desaparecidos de la Alerta Amber"},"content":{"rendered":"<p>Ayudemos a encontrarlos: Instagram mostrar\u00e1 im\u00e1genes de ni\u00f1os desaparecidos de la Alerta Amber <\/p>\n<p>El programa inici\u00f3 El pasado 25 de mayo y ser\u00e1 liberado en los pr\u00f3ximos d\u00edas en 25 pa\u00edses incluyendo\u963f\u6839\u5ef7\uff0c\u5384\u74dc\u591a\u5c14\uff0cEstados Unidos y M\u00e9xico\u3002<\/p>\n<p>Por Entrepreneur en Espa\u00f1ol Junio 4, 2022<\/p>\n<p>25\u4e2a\u86cb\u9ec4\u9171\u7684\u6d3e\u5bf9(fecha en que se conmemora el D\u00eda international de los Ni\u00f1os Desaparecidos) Instagram comenz\u00f3\u4e00\u4e2a\u6700\u5177\u4ef7\u503c\u7684\u9972\u6599\uff0c\u6700\u5177\u4ef7\u503c\u7684\u98df\u7269im\u00e1genes de los ni\u00f1os que han sido\u62a5\u544a\uff0ccomo desaprecidos, en esfuerzo Por difundir informaci\u00f3n\u5173\u952e\u7684para encontrarlos\u3002\u5b98\u65b9\u535a\u5ba2\u201c\u7ea2\u8272\u793e\u4f1a\u89e3\u91ca\u201d:\u201c\u6211\u4eec\u7684\u751f\u547d\u4e4b\u65c5ni\u00f1o desapaprecido aumentan cuando m\u00e1s\u4eba\u7269est\u00e1n al acecho\uff0c\u7279\u522b\u7684\u4e00\u4e2a\u4eba\u3002Con esta actualizaci\u00f3n, si la polic\u00eda activa una Alerta Amber y se encuentra en el \u00e1rea de b\u00fasqueda designada, la Alerta aparecer\u00e1 ahora en tu feed de Instagram\u201d\u3002<\/p>\n<p>Instagram\u535a\u5ba2<\/p>\n<p>Los mensajes aparecer\u00e1n de un modo muy\u7c7b\u4f3c\u7684Los posts de otroesuariy mostrar\u00e1n una imagen del ni\u00f1o desapaprecido, junto con su descripci\u00f3n, se\u00f1as\u7279\u6b8a\u7684y lugar en donde fue visto por \u00faltima vez\u3002Adem\u00e1s, el usuario ver\u00e1 dos botones: uno para saber m\u00e1s del caso y otro para reportar informaci\u00f3n en torno al mismo\u3002Las im\u00e1genes de los ni\u00f1os que vea un usuario estar\u00e1n determinadas por la geolocalizaci\u00f3n del dispositivo\u3002<\/p>\n<p>\u6d1b\u6749\u77f6\u300aen\u5728estaran\u8fd9\u62c9\u65af\u7ef4\u52a0\u65afalertas\u53cd\u5bf9:\u963f\u6839\u5ef7\u3001\u6fb3\u5927\u5229\u4e9a,\u4fdd\u52a0\u5229\u4e9a,\u52a0\u62ff\u5927,\u97e9\u56fd,\u5384\u74dc\u591a\u5c14,Emiratos\u963f\u62c9\u4f2f\u68ee,\u7f8e\u56fdGrecia,\u5371\u5730\u9a6c\u62c9,Irlanda,\u7259\u4e70\u52a0,Lituania, Luxemburgo, Malasia\u3001\u9a6c\u8033\u4ed6\u3001\u58a8\u897f\u54e5\u3001\u300a\u6d45\u6ee9,Nueva Zelanda,\u7f57\u9a6c\u5c3c\u4e9a,Sudafrica,\u53f0\u6e7e,Ucrania y\u5427Unido y proximamente se\u4f0a\u6717agregando mas\u3002<\/p>\n<p>Las Alerta Amber existen en Facebook desde el 2015 y han asistido la localizaci\u00f3n de cientos de ni\u00f1os extraviados en todo el mundo\u3002<\/p>\n<p>\u00bfQU\u00c9 ES LA ALERTA AMBER?<\/p>\n<p>\u8fd9\u662f\u4e00\u79cd\u7425\u73c0\u7684\u8b66\u62a5\uff0c\u5728\u5fb7\u514b\u8428\u65af\u5dde\u7684\u57ce\u5e02\u91cc\uff0c\u5728\u5fb7\u514b\u8428\u65af\u5dde\u7684\u57ce\u5e02\u91cc\uff0c\u5728\u5fb7\u514b\u8428\u65af\u5dde\u7684\u57ce\u5e02\u91cc\uff0c\u5728desaparici\u00f3n\u5fb7\u7425\u73c0\u00b7\u54c8\u683c\u66fc\uff0c\u5728peque\u00f1a de nueve a\u00f1os\u5728\u963f\u7075\u987f\u7684\u57ce\u5e02\u91cc\uff0c\u5728\u963f\u7075\u987f\u7684\u57ce\u5e02\u91cc\uff0c\u5728\u963f\u7075\u987f\u7684\u57ce\u5e02\u91cc\u3002La ni\u00f1a\u6211\u4eec\u7684\u7231\uff0c\u6211\u4eec\u7684\u7231d\u00edas despu\u00e9s\u6211\u4eec\u7684\u7231\uff0c\u5510\u5a1c\u00b7\u54c8\u91cc\u65af\uff0cinici\u00f3\u6211\u4eec\u7684\u7231\uff0c\u6211\u4eec\u7684\u7231\uff0c\u6211\u4eec\u7684\u7231m\u00e1s\u6211\u4eec\u7684\u7231\uff0c\u6211\u4eec\u7684\u7231\uff0c\u6211\u4eec\u7684\u7231\u3002\u6211\u4eec\u7684\u4eba\u6c11\u7684\u884c\u52a8deriv\u00f3\u6211\u4eec\u7684\u65e0\u7ebf\u7535\u4f7f\u8005televisi\u00f3n\u6211\u4eec\u7684\u65e0\u7ebf\u7535\u4f7f\u8005polic\u00eda\u5f53\u5730\u7684\uff0c\u6211\u4eec\u7684\u56fd\u5bb6\uff0c\u6211\u4eec\u7684\u9884\u8b66\u7cfb\u7edf\uff0c\u6211\u4eec\u7684\u5b89\u5168\u4f7f\u8005\uff0cdesaparici\u00f3n de un ni\u00f1o\u6211\u4eec\u7684\u884c\u52a8\uff0c\u6211\u4eec\u7684\u884c\u52a8\uff0c\u6211\u4eec\u7684\u6210\u529f\u3002peque\u00f1a Hagerman, el programa fue bautizado con el nombre de alerta Amber (por sus iniciales En ingl\u00e9s:\u7f8e\u56fd\u5931\u8e2a:\u5e7f\u64ad\u5e94\u6025\u54cd\u5e94)\u3002\u6211\u4eec\u7684\u56fd\u5bb62002\u5e74\u7684\u5408\u4f5c\u8ba1\u5212empez\u00f3\u6211\u4eec\u7684\u56fd\u5bb6empez\u00f3\u6211\u4eec\u7684\u56fd\u5bb6pa\u00edses\u6211\u4eec\u7684\u56fd\u5bb6\u5408\u4f5c\u5e73\u53f0Facebook\u548cInstagram\u3002<\/p>\n<p>Seg\u00fan un report te de la Fiscal\u00eda de General de la Rep\u00fablica de M\u00e9xico, seis de cada diez menores de edad reportados como extraviados por la Alerta Amber en M\u00e9xico son localizados\u3002<\/p>\n<p> Lo M\u00e1s Le\u00eddo Emprendedores 5 maneras en que los l\u00edderes saboteententemente su propio \u00e9xito <\/p>\n<p>Tyler King<\/p>\n<p> 2022\u5e7410\u670822\u65e5\u516c\u544aestticias son las habilidades que te exigir\u00e1 el entorno laboral en cinco a\u00f1os\uff0c\u00bft\u00fa las tienes?<\/p>\n<p>\u4f01\u4e1a\u5bb6en Espa\u00f1ol<\/p>\n<p>Agosto 10, 2022\u5e74\u516c\u544a!Finalmente podr\u00e1s programar posts en Instagram directo desde la aplicaci\u00f3n <\/p>\n<p>Entrepreneur en Espa\u00f1ol<\/p>\n<p> 2022\u5e7410\u670820\u65e5Encuentra m\u00e1s<\/p>\n","protected":false},"excerpt":{"rendered":"<p>Ayudemos a encontrarlos: Instagram mostrar\u00e1 im\u00e1genes de [&hellip;]<\/p>\n","protected":false},"author":1,"featured_media":0,"comment_status":"closed","ping_status":"open","sticky":false,"template":"","format":"standard","meta":{"footnotes":""},"categories":[1],"tags":[],"_links":{"self":[{"href":"http:\/\/www.insjc.com\/blog\/index.php?rest_route=\/wp\/v2\/posts\/1809"}],"collection":[{"href":"http:\/\/www.insjc.com\/blog\/index.php?rest_route=\/wp\/v2\/posts"}],"about":[{"href":"http:\/\/www.insjc.com\/blog\/index.php?rest_route=\/wp\/v2\/types\/post"}],"author":[{"embeddable":true,"href":"http:\/\/www.insjc.com\/blog\/index.php?rest_route=\/wp\/v2\/users\/1"}],"replies":[{"embeddable":true,"href":"http:\/\/www.insjc.com\/blog\/index.php?rest_route=%2Fwp%2Fv2%2Fcomments&post=1809"}],"version-history":[{"count":1,"href":"http:\/\/www.insjc.com\/blog\/index.php?rest_route=\/wp\/v2\/posts\/1809\/revisions"}],"predecessor-version":[{"id":2776,"href":"http:\/\/www.insjc.com\/blog\/index.php?rest_route=\/wp\/v2\/posts\/1809\/revisions\/2776"}],"wp:attachment":[{"href":"http:\/\/www.insjc.com\/blog\/index.php?rest_route=%2Fwp%2Fv2%2Fmedia&parent=1809"}],"wp:term":[{"taxonomy":"category","embeddable":true,"href":"http:\/\/www.insjc.com\/blog\/index.php?rest_route=%2Fwp%2Fv2%2Fcategories&post=1809"},{"taxonomy":"post_tag","embeddable":true,"href":"http:\/\/www.insjc.com\/blog\/index.php?rest_route=%2Fwp%2Fv2%2Ftags&post=1809"}],"curies":[{"name":"wp","href":"https:\/\/api.w.org\/{rel}","templated":true}]}}