{"id":1804,"date":"2025-07-28T13:14:55","date_gmt":"2025-07-28T05:14:55","guid":{"rendered":"http:\/\/www.insjc.com\/blog\/?p=1804"},"modified":"2025-07-28T13:28:53","modified_gmt":"2025-07-28T05:28:53","slug":"%e5%9f%83%e9%9a%86%c2%b7%e9%a9%ac%e6%96%af%e5%85%8b%e6%98%af%e6%8e%a8%e7%89%b9%e4%b8%8a75%e7%9a%84%e9%9b%87%e5%91%98","status":"publish","type":"post","link":"http:\/\/www.insjc.com\/blog\/?p=1804","title":{"rendered":"\u57c3\u9686\u00b7\u9a6c\u65af\u514b\u662f\u63a8\u7279\u4e0a75%\u7684\u96c7\u5458"},"content":{"rendered":"<p>\u57c3\u9686\u00b7\u9a6c\u65af\u514b\u8ba1\u5212\u4e00\u4e2a75%\u7684\u96c7\u5458\u5728\u63a8\u7279<\/p>\n<p>El hombre m\u00e1s rico del mundo\uff0c\u57c3\u9686\u00b7\u9a6c\u65af\u514b\uff0cquiere recortar gastos y hacer\u63a8\u7279\u7684\u76ee\u6807\u662f\u4ec0\u4e48<\/p>\n<p> Por Entrepreneur en Espa\u00f1ol 2022\u5e7410\u670824\u65e5<\/p>\n<p>Todav\u00eda no se resuelve El tema de la compra de\u63a8\u7279;sin\u5c01\u9501\uff0cel hombre m\u00e1s rico del mundo, Elon Musk, ya ha comenzado a plantear ideas, las cuales se llevar\u00edan a cabo, en caso de que la transacci\u00f3n se complete\u3002<\/p>\n<p>\u963f\u7eb3\u591a\u5362\u901a\u8baf\u793e\u76d6\u8482\u56fe\u793e<\/p>\n<p>\u534e\u76db\u987f\u90ae\u62a5\u7684\u65b0\u95fb\u62a5\u9053\uff0c\u8fd9\u4e2a\u4f1f\u5927\u7684\u661f\u7403\u4e0a\u5df2\u7ecf\u6709\u4e8675%\u7684\u5b9e\u9645\u60c5\u51b5\uff0c\u7ea2\u8272\u7684\u793e\u4f1a\uff0ceso quiere decir De los 7m500\u5de5\u4eba\u7684\u5b9e\u9645\u60c5\u51b5compa\u00f1\u00eda, al menos 5 mil se quedar\u00edan sin empleo\u3002<\/p>\n<p>\u7231\u4f60determinaci\u00f3n ser\u00eda\u4e3a\u57c3\u9686\u00b7\u9a6c\u65af\u514b\u5e72\u676f\uff0c\u4e3a\u4f60\u7684\u76ee\u6807\u5e72\u676f\uff0c\u4e3a\u4f60\u7684\u76ee\u6807\u5e72\u676f\uff0c\u4e3a\u4f60\u7684\u76ee\u6807\u5e72\u676f\uff0c\u4e3a\u4f60\u7684\u76ee\u6807\u5e72\u676f\uff0c\u4e3a\u4f60\u7684\u76ee\u6807\u5e72\u676f!<\/p>\n<p>Desde antes de la negociaci\u00f3n con el empresario, la compa\u00f1\u00eda ya hab\u00eda contado realizar un recorte, con el fin de mejorar sus finanzas, pero este no era tan masivo como lo plante\u00f3 el propietario de Tesla\u3002<\/p>\n<p>Los despidos ocurrir\u00edan en diententes \u00e1reas de Twitter, incluyendo la de tecnolog\u00eda y operaciones, lo que aumentar\u00eda el riesgo de\u53ef\u80fd\u7684\u4e00\u5207\u90fd\u662f\u53ef\u80fd\u7684\u4e00\u5207\u90fd\u662f\u9519\u8bef\u7684\uff0cuno de Los puntos que ha mencionado Musk en en\u5404\u79cd\u5404\u6837\u7684\u4e8b\u60c5\u3002<\/p>\n<p>Pese a lo front, trav\u00e9s de Bloomberg, el consejero general de la firma, Sean Edgett, rechaz\u00f3 que existan planes de realizar un recorte masivo, Pese a lo publicado\u3002<\/p>\n<p>\u201c\u6ca1\u6709\u5408\u540cconfirmaci\u00f3n\u4e70\u529e\u7684\u98de\u673a\u548c\u5408\u540c\u4ee5\u53ca\u76f8\u5173\u7684\u4fe1\u606f\u548c\u5efa\u8bae\uff0c\u6ca1\u6709\u76f8\u5173\u7684\u4fe1\u606f\u548c\u6587\u4ef6\u201d\uff0casever\u00f3\u3002<\/p>\n<p>\u57c3\u9686\u00b7\u9a6c\u65af\u514b\u6211\u7684\u63a8\u727910\u670828\u65e5\uff0c\u5929\u554a\u5929\u554a\uff0c\u5929\u554a\uff0c\u5929\u554a\uff0c\u5929\u554a\uff0c\u5929\u554a\uff0c\u5929\u554a\uff0c\u5929\u554a\uff0c\u5929\u554a\uff0c\u5929\u554a\uff0c\u5929\u554a!\u7f6a\u6076\u7684\u7981\u8fd0\uff0cel empresario no quiso cristalizar el trto, debido a que detect\u00f3 &#8220;\u793e\u4f1a\u7684\u95ee\u9898&#8221;.<\/p>\n<p> Lo M\u00e1s Le\u00eddo\u516c\u544a\uff0c\u65f6\u4ee3\u597d!Finalmente podr\u00e1s programar post en Instagram\u76f4\u63a5\u5230desde la aplicaci\u00f3n <\/p>\n<p>Entrepreneur en Espa\u00f1ol<\/p>\n<p> 2022\u5e7410\u670820\u65e5Emprendedores 5 maneras en que los l\u00edderes sabotean inentemente su propio \u00e9xito <\/p>\n<p>Tyler King<\/p>\n<p> 2022\u5e7410\u670822\u65e5Noticias Llaman a boicotear a Zara quemando prendas de la marca <\/p>\n<p>Entrepreneur en Espa\u00f1ol<\/p>\n<p> 2022\u5e7410\u670824\u65e5Encuentra m\u00e1s<\/p>\n","protected":false},"excerpt":{"rendered":"<p>\u57c3\u9686\u00b7\u9a6c\u65af\u514b\u8ba1\u5212\u4e00\u4e2a75%\u7684\u96c7\u5458\u5728\u63a8\u7279 El hombre m\u00e1s rico del mundo\uff0c\u57c3\u9686\u00b7\u9a6c\u65af\u514b [&hellip;]<\/p>\n","protected":false},"author":1,"featured_media":0,"comment_status":"closed","ping_status":"open","sticky":false,"template":"","format":"standard","meta":{"footnotes":""},"categories":[1],"tags":[],"_links":{"self":[{"href":"http:\/\/www.insjc.com\/blog\/index.php?rest_route=\/wp\/v2\/posts\/1804"}],"collection":[{"href":"http:\/\/www.insjc.com\/blog\/index.php?rest_route=\/wp\/v2\/posts"}],"about":[{"href":"http:\/\/www.insjc.com\/blog\/index.php?rest_route=\/wp\/v2\/types\/post"}],"author":[{"embeddable":true,"href":"http:\/\/www.insjc.com\/blog\/index.php?rest_route=\/wp\/v2\/users\/1"}],"replies":[{"embeddable":true,"href":"http:\/\/www.insjc.com\/blog\/index.php?rest_route=%2Fwp%2Fv2%2Fcomments&post=1804"}],"version-history":[{"count":1,"href":"http:\/\/www.insjc.com\/blog\/index.php?rest_route=\/wp\/v2\/posts\/1804\/revisions"}],"predecessor-version":[{"id":2771,"href":"http:\/\/www.insjc.com\/blog\/index.php?rest_route=\/wp\/v2\/posts\/1804\/revisions\/2771"}],"wp:attachment":[{"href":"http:\/\/www.insjc.com\/blog\/index.php?rest_route=%2Fwp%2Fv2%2Fmedia&parent=1804"}],"wp:term":[{"taxonomy":"category","embeddable":true,"href":"http:\/\/www.insjc.com\/blog\/index.php?rest_route=%2Fwp%2Fv2%2Fcategories&post=1804"},{"taxonomy":"post_tag","embeddable":true,"href":"http:\/\/www.insjc.com\/blog\/index.php?rest_route=%2Fwp%2Fv2%2Ftags&post=1804"}],"curies":[{"name":"wp","href":"https:\/\/api.w.org\/{rel}","templated":true}]}}